{"id":2141,"date":"2025-04-04T09:38:43","date_gmt":"2025-04-04T09:38:43","guid":{"rendered":"https:\/\/blog.vestasrl.it\/?p=2141"},"modified":"2025-04-04T09:38:47","modified_gmt":"2025-04-04T09:38:47","slug":"tavola-di-pasqua-idee-per-una-mise-en-place-unica-e-speciale","status":"publish","type":"post","link":"https:\/\/blog.vestasrl.it\/index.php\/2025\/04\/04\/tavola-di-pasqua-idee-per-una-mise-en-place-unica-e-speciale\/","title":{"rendered":"Tavola di Pasqua: idee per una mise en place unica e speciale"},"content":{"rendered":"\n<p>La Pasqua \u00e8 la festa della rinascita, della famiglia e della convivialit\u00e0. La primavera porta con s\u00e9 colori vivaci, profumi freschi e una voglia di rinnovare la casa, a partire dalla tavola, protagonista indiscussa di pranzi e cene in compagnia. Creare una mise en place speciale per questa occasione significa <strong>accogliere gli ospiti con eleganza e calore<\/strong>, trasformando il momento del pasto in un\u2019esperienza memorabile.<\/p>\n\n\n\n<h2 class=\"wp-block-heading\"><strong>Colori e tessuti: la base perfetta per la tua tavola pasquale<\/strong><\/h2>\n\n\n\n<p>La Pasqua \u00e8 sinonimo di leggerezza e freschezza, e la tovaglia gioca un ruolo essenziale nel definire l\u2019atmosfera. Le tonalit\u00e0 pastello come il giallo tenue, il verde menta e l\u2019azzurro cielo richiamano la primavera e donano un senso di armonia alla tavola. Per un tocco raffinato, puoi optare per la <strong>tovaglia della collezione Decor<\/strong>, in <strong>puro cotone con trattamento antimacchia<\/strong>, perfetta per unire eleganza e praticit\u00e0.<\/p>\n\n\n\n<p>Se preferisci uno stile pi\u00f9 rustico e naturale, puoi lasciare il tavolo in legno a vista e utilizzare <strong>runner o tovagliette<\/strong> con fantasie floreali o dettagli laserati. Il segreto sta nel bilanciare le decorazioni senza appesantire la composizione, creando un effetto accogliente ma raffinato.<\/p>\n\n\n\n<figure class=\"wp-block-image size-large\"><a href=\"https:\/\/vestasrl.it\/p409\/vendita_online_prodotti_tavola\/tovaglia_6_posti_decor.html\" target=\"_blank\" rel=\" noreferrer noopener\"><img loading=\"lazy\" decoding=\"async\" width=\"813\" height=\"1024\" src=\"http:\/\/blog.vestasrl.it\/wp-content\/uploads\/2025\/03\/thumb-4-813x1024.png\" alt=\"\" class=\"wp-image-2143\" srcset=\"https:\/\/blog.vestasrl.it\/wp-content\/uploads\/2025\/03\/thumb-4-813x1024.png 813w, https:\/\/blog.vestasrl.it\/wp-content\/uploads\/2025\/03\/thumb-4-238x300.png 238w, https:\/\/blog.vestasrl.it\/wp-content\/uploads\/2025\/03\/thumb-4-768x967.png 768w, https:\/\/blog.vestasrl.it\/wp-content\/uploads\/2025\/03\/thumb-4.png 998w\" sizes=\"auto, (max-width: 813px) 100vw, 813px\" \/><\/a><\/figure>\n\n\n\n<h2 class=\"wp-block-heading\"><strong>Decorazioni e centrotavola: la primavera in tavola<\/strong><\/h2>\n\n\n\n<div class=\"wp-block-columns is-layout-flex wp-container-core-columns-is-layout-9d6595d7 wp-block-columns-is-layout-flex\">\n<div class=\"wp-block-column is-vertically-aligned-center is-layout-flow wp-block-column-is-layout-flow\">\n<p>Il centrotavola di Pasqua deve essere il punto focale della mise en place. Puoi scegliere tra <strong>composizioni di fiori freschi, rami di ulivo o lavanda<\/strong>, oppure optare per <strong>soluzioni decorative in cristallo acrilico<\/strong>, come il <strong>centrotavola portavaso\/portabottiglie Soft<\/strong>, che riflette la luce e dona un tocco di modernit\u00e0 alla tavola.<\/p>\n<\/div>\n\n\n\n<div class=\"wp-block-column is-layout-flow wp-block-column-is-layout-flow\">\n<figure class=\"wp-block-image size-large\"><img loading=\"lazy\" decoding=\"async\" width=\"1024\" height=\"932\" src=\"https:\/\/blog.vestasrl.it\/wp-content\/uploads\/2025\/03\/thumb-2025-03-25T153944.404-1024x932.jpg\" alt=\"\" class=\"wp-image-2148\" srcset=\"https:\/\/blog.vestasrl.it\/wp-content\/uploads\/2025\/03\/thumb-2025-03-25T153944.404-1024x932.jpg 1024w, https:\/\/blog.vestasrl.it\/wp-content\/uploads\/2025\/03\/thumb-2025-03-25T153944.404-300x273.jpg 300w, https:\/\/blog.vestasrl.it\/wp-content\/uploads\/2025\/03\/thumb-2025-03-25T153944.404-768x699.jpg 768w, https:\/\/blog.vestasrl.it\/wp-content\/uploads\/2025\/03\/thumb-2025-03-25T153944.404-1536x1399.jpg 1536w, https:\/\/blog.vestasrl.it\/wp-content\/uploads\/2025\/03\/thumb-2025-03-25T153944.404.jpg 2000w\" sizes=\"auto, (max-width: 1024px) 100vw, 1024px\" \/><\/figure>\n<\/div>\n<\/div>\n\n\n\n<p>Per un tocco di colore, le <strong>decorazioni Funny Flowers<\/strong> sono perfette: sei fiori stilizzati, realizzati in acrilico colorato, che creano bellissimi riflessi alla luce naturale. Puoi usarli per decorare la tavola o come segnaposto originali.<\/p>\n\n\n\n<div class=\"wp-block-columns is-layout-flex wp-container-core-columns-is-layout-9d6595d7 wp-block-columns-is-layout-flex\">\n<div class=\"wp-block-column is-layout-flow wp-block-column-is-layout-flow\">\n<figure class=\"wp-block-image size-large\"><img loading=\"lazy\" decoding=\"async\" width=\"1005\" height=\"1024\" src=\"https:\/\/blog.vestasrl.it\/wp-content\/uploads\/2025\/03\/thumb-2025-03-25T154832.797-1005x1024.jpg\" alt=\"\" class=\"wp-image-2146\" srcset=\"https:\/\/blog.vestasrl.it\/wp-content\/uploads\/2025\/03\/thumb-2025-03-25T154832.797-1005x1024.jpg 1005w, https:\/\/blog.vestasrl.it\/wp-content\/uploads\/2025\/03\/thumb-2025-03-25T154832.797-295x300.jpg 295w, https:\/\/blog.vestasrl.it\/wp-content\/uploads\/2025\/03\/thumb-2025-03-25T154832.797-768x782.jpg 768w, https:\/\/blog.vestasrl.it\/wp-content\/uploads\/2025\/03\/thumb-2025-03-25T154832.797.jpg 1080w\" sizes=\"auto, (max-width: 1005px) 100vw, 1005px\" \/><\/figure>\n<\/div>\n\n\n\n<div class=\"wp-block-column is-layout-flow wp-block-column-is-layout-flow\">\n<figure class=\"wp-block-image size-large\"><img loading=\"lazy\" decoding=\"async\" width=\"1005\" height=\"1024\" src=\"https:\/\/blog.vestasrl.it\/wp-content\/uploads\/2025\/03\/thumb-2025-03-25T153939.127-1005x1024.jpg\" alt=\"\" class=\"wp-image-2147\" srcset=\"https:\/\/blog.vestasrl.it\/wp-content\/uploads\/2025\/03\/thumb-2025-03-25T153939.127-1005x1024.jpg 1005w, https:\/\/blog.vestasrl.it\/wp-content\/uploads\/2025\/03\/thumb-2025-03-25T153939.127-295x300.jpg 295w, https:\/\/blog.vestasrl.it\/wp-content\/uploads\/2025\/03\/thumb-2025-03-25T153939.127-768x782.jpg 768w, https:\/\/blog.vestasrl.it\/wp-content\/uploads\/2025\/03\/thumb-2025-03-25T153939.127.jpg 1080w\" sizes=\"auto, (max-width: 1005px) 100vw, 1005px\" \/><\/figure>\n<\/div>\n<\/div>\n\n\n\n<h2 class=\"wp-block-heading\"><strong>Segnaposto personalizzati: un pensiero per gli ospiti<\/strong><\/h2>\n\n\n\n<p>I segnaposto sono piccoli dettagli che fanno la differenza e rendono ogni posto a tavola unico. In alternativa ai classici cartoncini con il nome, puoi optare per <strong>decorazioni floreali in cristallo acrilico<\/strong>, che riflettono la luce creando splendidi giochi di colore.<\/p>\n\n\n\n<p>Un&#8217;idea carina \u00e8 regalare ai tuoi ospiti un piccolo fiore decorativo o un simbolo pasquale, come un coniglietto o un uovo stilizzato, che potranno portare a casa come ricordo della giornata. Il set di <strong>Funny Flowers<\/strong> con le sue delicate incisioni e tonalit\u00e0 vivaci \u00e8 perfetto per questa occasione.<\/p>\n\n\n\n<div class=\"wp-block-columns is-layout-flex wp-container-core-columns-is-layout-9d6595d7 wp-block-columns-is-layout-flex\">\n<div class=\"wp-block-column is-layout-flow wp-block-column-is-layout-flow\">\n<figure class=\"wp-block-image size-large\"><img loading=\"lazy\" decoding=\"async\" width=\"1024\" height=\"1024\" src=\"https:\/\/blog.vestasrl.it\/wp-content\/uploads\/2025\/03\/thumb-2025-03-25T154010.245-1-1024x1024.jpg\" alt=\"\" class=\"wp-image-2149\" srcset=\"https:\/\/blog.vestasrl.it\/wp-content\/uploads\/2025\/03\/thumb-2025-03-25T154010.245-1-1024x1024.jpg 1024w, https:\/\/blog.vestasrl.it\/wp-content\/uploads\/2025\/03\/thumb-2025-03-25T154010.245-1-300x300.jpg 300w, https:\/\/blog.vestasrl.it\/wp-content\/uploads\/2025\/03\/thumb-2025-03-25T154010.245-1-150x150.jpg 150w, https:\/\/blog.vestasrl.it\/wp-content\/uploads\/2025\/03\/thumb-2025-03-25T154010.245-1-768x768.jpg 768w, https:\/\/blog.vestasrl.it\/wp-content\/uploads\/2025\/03\/thumb-2025-03-25T154010.245-1.jpg 1500w\" sizes=\"auto, (max-width: 1024px) 100vw, 1024px\" \/><\/figure>\n<\/div>\n\n\n\n<div class=\"wp-block-column is-layout-flow wp-block-column-is-layout-flow\">\n<figure class=\"wp-block-image size-large\"><img loading=\"lazy\" decoding=\"async\" width=\"1024\" height=\"1024\" src=\"https:\/\/blog.vestasrl.it\/wp-content\/uploads\/2025\/03\/thumb-2025-03-25T154003.084-1-1024x1024.jpg\" alt=\"\" class=\"wp-image-2150\" srcset=\"https:\/\/blog.vestasrl.it\/wp-content\/uploads\/2025\/03\/thumb-2025-03-25T154003.084-1-1024x1024.jpg 1024w, https:\/\/blog.vestasrl.it\/wp-content\/uploads\/2025\/03\/thumb-2025-03-25T154003.084-1-300x300.jpg 300w, https:\/\/blog.vestasrl.it\/wp-content\/uploads\/2025\/03\/thumb-2025-03-25T154003.084-1-150x150.jpg 150w, https:\/\/blog.vestasrl.it\/wp-content\/uploads\/2025\/03\/thumb-2025-03-25T154003.084-1-768x768.jpg 768w, https:\/\/blog.vestasrl.it\/wp-content\/uploads\/2025\/03\/thumb-2025-03-25T154003.084-1.jpg 1500w\" sizes=\"auto, (max-width: 1024px) 100vw, 1024px\" \/><\/figure>\n<\/div>\n<\/div>\n\n\n\n<h2 class=\"wp-block-heading\"><strong>Bicchieri e stoviglie: dettagli che fanno la differenza<\/strong><\/h2>\n\n\n\n<p>Per aggiungere eleganza alla tua tavola, scegli bicchieri che coniughino <strong>design e praticit\u00e0<\/strong>. Il <strong>set di bicchieri molato Ankon<\/strong>, disponibile in versione trasparente e colorata, \u00e8 perfetto per donare un tocco di classe alla tua tavola senza rinunciare alla resistenza e alla funzionalit\u00e0. Sono ideali per ogni tipo di bevanda, e la loro leggerezza e robustezza li rendono perfetti per essere utilizzati durante il pranzo pasquale, donando alla tavola una nota di stile.<\/p>\n\n\n\n<div class=\"wp-block-columns is-layout-flex wp-container-core-columns-is-layout-9d6595d7 wp-block-columns-is-layout-flex\">\n<div class=\"wp-block-column is-layout-flow wp-block-column-is-layout-flow\">\n<figure class=\"wp-block-image size-large\"><img loading=\"lazy\" decoding=\"async\" width=\"1024\" height=\"1024\" src=\"https:\/\/blog.vestasrl.it\/wp-content\/uploads\/2025\/03\/thumb-2025-03-25T153950.110-1024x1024.jpg\" alt=\"\" class=\"wp-image-2187\" srcset=\"https:\/\/blog.vestasrl.it\/wp-content\/uploads\/2025\/03\/thumb-2025-03-25T153950.110-1024x1024.jpg 1024w, https:\/\/blog.vestasrl.it\/wp-content\/uploads\/2025\/03\/thumb-2025-03-25T153950.110-300x300.jpg 300w, https:\/\/blog.vestasrl.it\/wp-content\/uploads\/2025\/03\/thumb-2025-03-25T153950.110-150x150.jpg 150w, https:\/\/blog.vestasrl.it\/wp-content\/uploads\/2025\/03\/thumb-2025-03-25T153950.110-768x768.jpg 768w, https:\/\/blog.vestasrl.it\/wp-content\/uploads\/2025\/03\/thumb-2025-03-25T153950.110.jpg 1500w\" sizes=\"auto, (max-width: 1024px) 100vw, 1024px\" \/><\/figure>\n<\/div>\n\n\n\n<div class=\"wp-block-column is-layout-flow wp-block-column-is-layout-flow\">\n<figure class=\"wp-block-image size-large\"><img loading=\"lazy\" decoding=\"async\" width=\"1005\" height=\"1024\" src=\"https:\/\/blog.vestasrl.it\/wp-content\/uploads\/2025\/03\/thumb-2025-03-27T123827.926-1005x1024.jpg\" alt=\"\" class=\"wp-image-2188\" srcset=\"https:\/\/blog.vestasrl.it\/wp-content\/uploads\/2025\/03\/thumb-2025-03-27T123827.926-1005x1024.jpg 1005w, https:\/\/blog.vestasrl.it\/wp-content\/uploads\/2025\/03\/thumb-2025-03-27T123827.926-295x300.jpg 295w, https:\/\/blog.vestasrl.it\/wp-content\/uploads\/2025\/03\/thumb-2025-03-27T123827.926-768x782.jpg 768w, https:\/\/blog.vestasrl.it\/wp-content\/uploads\/2025\/03\/thumb-2025-03-27T123827.926.jpg 1080w\" sizes=\"auto, (max-width: 1005px) 100vw, 1005px\" \/><\/figure>\n<\/div>\n<\/div>\n\n\n\n<p>Abbinali a <strong>piatti e sottopiatti dal design ricercato<\/strong>, magari con motivi floreali o dettagli laserati. I <strong>sottopiatti Decor a forma di fiore<\/strong>, realizzati in cristallo acrilico con pattern intagliato, aggiungono un tocco di eleganza e raffinatezza alla tavola pasquale. Sono disponibili in quattro colori: bianco, rosso, blu e celeste, perfetti per creare una composizione armoniosa e raffinata.<\/p>\n\n\n\n<figure class=\"wp-block-image size-large\"><img loading=\"lazy\" decoding=\"async\" width=\"986\" height=\"1024\" src=\"https:\/\/blog.vestasrl.it\/wp-content\/uploads\/2025\/03\/thumb-2025-03-25T154023.872-986x1024.jpg\" alt=\"\" class=\"wp-image-2151\" srcset=\"https:\/\/blog.vestasrl.it\/wp-content\/uploads\/2025\/03\/thumb-2025-03-25T154023.872-986x1024.jpg 986w, https:\/\/blog.vestasrl.it\/wp-content\/uploads\/2025\/03\/thumb-2025-03-25T154023.872-289x300.jpg 289w, https:\/\/blog.vestasrl.it\/wp-content\/uploads\/2025\/03\/thumb-2025-03-25T154023.872-768x797.jpg 768w, https:\/\/blog.vestasrl.it\/wp-content\/uploads\/2025\/03\/thumb-2025-03-25T154023.872.jpg 998w\" sizes=\"auto, (max-width: 986px) 100vw, 986px\" \/><\/figure>\n\n\n\n<h2 class=\"wp-block-heading\"><strong>Dolci in bella vista: come valorizzare i dessert di Pasqua<\/strong><\/h2>\n\n\n\n<p>La Pasqua \u00e8 anche la festa dei dolci tradizionali: la colomba, la pastiera, le uova di cioccolato e i biscotti decorati non possono mancare sulla tavola. Per valorizzarli al meglio, utilizza <strong>alzate eleganti<\/strong> che diano risalto alle creazioni culinarie.<\/p>\n\n\n\n<p>L\u2019<strong>alzata piccola Decor<\/strong>, realizzata interamente in cristallo acrilico, \u00e8 perfetta per esporre torte e dolci con stile. Grazie al suo design leggero e stabile, permette di servire i dessert in modo raffinato, ottimizzando lo spazio sulla tavola. Per un effetto scenografico, puoi sovrapporre due alzate di dimensioni diverse e creare un elegante <strong>display su pi\u00f9 livelli<\/strong>.<\/p>\n\n\n\n<figure class=\"wp-block-image size-large\"><img loading=\"lazy\" decoding=\"async\" width=\"960\" height=\"1024\" src=\"https:\/\/blog.vestasrl.it\/wp-content\/uploads\/2025\/03\/thumb-5-960x1024.png\" alt=\"\" class=\"wp-image-2152\" srcset=\"https:\/\/blog.vestasrl.it\/wp-content\/uploads\/2025\/03\/thumb-5-960x1024.png 960w, https:\/\/blog.vestasrl.it\/wp-content\/uploads\/2025\/03\/thumb-5-281x300.png 281w, https:\/\/blog.vestasrl.it\/wp-content\/uploads\/2025\/03\/thumb-5-768x819.png 768w, https:\/\/blog.vestasrl.it\/wp-content\/uploads\/2025\/03\/thumb-5.png 998w\" sizes=\"auto, (max-width: 960px) 100vw, 960px\" \/><\/figure>\n\n\n\n<h2 class=\"wp-block-heading\"><strong>Illuminazione e atmosfera: la magia delle luci soffuse<\/strong><\/h2>\n\n\n\n<p>L\u2019illuminazione gioca un ruolo fondamentale nel creare un\u2019atmosfera intima e accogliente. Le <strong>lampade da tavolo ricaricabili e dimmerabili<\/strong> sono la soluzione ideale per una luce soffusa e regolabile in base al momento della giornata.<\/p>\n\n\n\n<p>Per la tavola di Pasqua, la <strong>lampada Margot Mini<\/strong>, con la sua forma ispirata ai fiori primaverili, \u00e8 la scelta perfetta. Le due lastre incise e sagomate, intrecciate tra loro, creano un bellissimo effetto di diffusione della luce, mentre la base colorata dona un tocco di freschezza alla tavola.<\/p>\n\n\n\n<figure class=\"wp-block-image size-large\"><img loading=\"lazy\" decoding=\"async\" width=\"683\" height=\"1024\" src=\"https:\/\/blog.vestasrl.it\/wp-content\/uploads\/2025\/03\/thumb-2025-03-25T154030.752-683x1024.jpg\" alt=\"\" class=\"wp-image-2153\" srcset=\"https:\/\/blog.vestasrl.it\/wp-content\/uploads\/2025\/03\/thumb-2025-03-25T154030.752-683x1024.jpg 683w, https:\/\/blog.vestasrl.it\/wp-content\/uploads\/2025\/03\/thumb-2025-03-25T154030.752-200x300.jpg 200w, https:\/\/blog.vestasrl.it\/wp-content\/uploads\/2025\/03\/thumb-2025-03-25T154030.752-768x1152.jpg 768w, https:\/\/blog.vestasrl.it\/wp-content\/uploads\/2025\/03\/thumb-2025-03-25T154030.752.jpg 1000w\" sizes=\"auto, (max-width: 683px) 100vw, 683px\" \/><\/figure>\n\n\n\n<h2 class=\"wp-block-heading\"><strong>Una tavola di Pasqua indimenticabile<\/strong><\/h2>\n\n\n\n<p>Curare la mise en place di Pasqua significa trasformare un semplice <a href=\"https:\/\/blog.vestasrl.it\/index.php\/2025\/03\/01\/tavola-romantica-idee-di-stile-per-una-cena-indimenticabile\/\">pranzo<\/a> in un momento speciale, in cui ogni dettaglio racconta una storia di eleganza, colore e condivisione. Che tu scelga uno stile classico o moderno, l\u2019importante \u00e8 creare un\u2019armonia tra i vari elementi e lasciare spazio alla creativit\u00e0.<\/p>\n\n\n\n<p>Con i giusti accessori, come <strong>tovaglie eleganti, bicchieri raffinati, decorazioni floreali e un\u2019illuminazione soffusa<\/strong>, la tua tavola sar\u00e0 pronta ad accogliere amici e familiari per celebrare la Pasqua con calore e raffinatezza. \ud83c\udf38\ud83d\udc23\u2728<\/p>\n","protected":false},"excerpt":{"rendered":"<p>La Pasqua \u00e8 la festa della rinascita, della famiglia e della convivialit\u00e0. La primavera porta con s\u00e9 colori vivaci, profumi freschi e una voglia di rinnovare la casa, a partire dalla tavola, protagonista indiscussa di pranzi e cene in compagnia. Creare una mise en place speciale per questa occasione significa accogliere gli ospiti con eleganza&hellip;&nbsp;<a href=\"https:\/\/blog.vestasrl.it\/index.php\/2025\/04\/04\/tavola-di-pasqua-idee-per-una-mise-en-place-unica-e-speciale\/\" rel=\"bookmark\">Leggi tutto &raquo;<span class=\"screen-reader-text\">Tavola di Pasqua: idee per una mise en place unica e speciale<\/span><\/a><\/p>\n","protected":false},"author":1,"featured_media":2242,"comment_status":"closed","ping_status":"closed","sticky":false,"template":"","format":"standard","meta":{"neve_meta_sidebar":"","neve_meta_container":"","neve_meta_enable_content_width":"","neve_meta_content_width":0,"neve_meta_title_alignment":"","neve_meta_author_avatar":"","neve_post_elements_order":"","neve_meta_disable_header":"","neve_meta_disable_footer":"","neve_meta_disable_title":"","footnotes":""},"categories":[9,20,8],"tags":[31,15,182],"class_list":["post-2141","post","type-post","status-publish","format-standard","has-post-thumbnail","hentry","category-in-evidenza","category-ispirazioni","category-vesta-home","tag-blog-vesta","tag-stile-e-arredamento","tag-tavola-di-pasqua"],"yoast_head":"<!-- This site is optimized with the Yoast SEO plugin v26.4 - https:\/\/yoast.com\/wordpress\/plugins\/seo\/ -->\n<title>Tavola di Pasqua: idee per una mise en place unica e speciale - Vesta Blog - Design, Tradizione e Artigianalit\u00e0<\/title>\n<meta name=\"description\" content=\"La Pasqua \u00e8 la festa della rinascita, della famiglia e della convivialit\u00e0. La primavera porta con s\u00e9 colori vivaci, profumi freschi e una...\" \/>\n<meta name=\"robots\" content=\"index, follow, max-snippet:-1, max-image-preview:large, max-video-preview:-1\" \/>\n<link rel=\"canonical\" href=\"https:\/\/blog.vestasrl.it\/index.php\/2025\/04\/04\/tavola-di-pasqua-idee-per-una-mise-en-place-unica-e-speciale\/\" \/>\n<meta property=\"og:locale\" content=\"it_IT\" \/>\n<meta property=\"og:type\" content=\"article\" \/>\n<meta property=\"og:title\" content=\"Tavola di Pasqua: idee per una mise en place unica e speciale - Vesta Blog - Design, Tradizione e Artigianalit\u00e0\" \/>\n<meta property=\"og:description\" content=\"La Pasqua \u00e8 la festa della rinascita, della famiglia e della convivialit\u00e0. La primavera porta con s\u00e9 colori vivaci, profumi freschi e una...\" \/>\n<meta property=\"og:url\" content=\"https:\/\/blog.vestasrl.it\/index.php\/2025\/04\/04\/tavola-di-pasqua-idee-per-una-mise-en-place-unica-e-speciale\/\" \/>\n<meta property=\"og:site_name\" content=\"Vesta Blog - Design, Tradizione e Artigianalit\u00e0\" \/>\n<meta property=\"article:publisher\" content=\"https:\/\/www.facebook.com\/vestahomeit\" \/>\n<meta property=\"article:published_time\" content=\"2025-04-04T09:38:43+00:00\" \/>\n<meta property=\"article:modified_time\" content=\"2025-04-04T09:38:47+00:00\" \/>\n<meta property=\"og:image\" content=\"http:\/\/blog.vestasrl.it\/wp-content\/uploads\/2025\/03\/Blog-Pasqua-scaled.jpg\" \/>\n\t<meta property=\"og:image:width\" content=\"2560\" \/>\n\t<meta property=\"og:image:height\" content=\"1706\" \/>\n\t<meta property=\"og:image:type\" content=\"image\/jpeg\" \/>\n<meta name=\"author\" content=\"Vesta Srl\" \/>\n<meta name=\"twitter:card\" content=\"summary_large_image\" \/>\n<meta name=\"twitter:label1\" content=\"Scritto da\" \/>\n\t<meta name=\"twitter:data1\" content=\"Vesta Srl\" \/>\n\t<meta name=\"twitter:label2\" content=\"Tempo di lettura stimato\" \/>\n\t<meta name=\"twitter:data2\" content=\"7 minuti\" \/>\n<script type=\"application\/ld+json\" class=\"yoast-schema-graph\">{\"@context\":\"https:\/\/schema.org\",\"@graph\":[{\"@type\":\"Article\",\"@id\":\"https:\/\/blog.vestasrl.it\/index.php\/2025\/04\/04\/tavola-di-pasqua-idee-per-una-mise-en-place-unica-e-speciale\/#article\",\"isPartOf\":{\"@id\":\"https:\/\/blog.vestasrl.it\/index.php\/2025\/04\/04\/tavola-di-pasqua-idee-per-una-mise-en-place-unica-e-speciale\/\"},\"author\":{\"name\":\"Vesta Srl\",\"@id\":\"https:\/\/blog.vestasrl.it\/#\/schema\/person\/4b256c01362182a71749d3ea65482262\"},\"headline\":\"Tavola di Pasqua: idee per una mise en place unica e speciale\",\"datePublished\":\"2025-04-04T09:38:43+00:00\",\"dateModified\":\"2025-04-04T09:38:47+00:00\",\"mainEntityOfPage\":{\"@id\":\"https:\/\/blog.vestasrl.it\/index.php\/2025\/04\/04\/tavola-di-pasqua-idee-per-una-mise-en-place-unica-e-speciale\/\"},\"wordCount\":808,\"publisher\":{\"@id\":\"https:\/\/blog.vestasrl.it\/#organization\"},\"image\":{\"@id\":\"https:\/\/blog.vestasrl.it\/index.php\/2025\/04\/04\/tavola-di-pasqua-idee-per-una-mise-en-place-unica-e-speciale\/#primaryimage\"},\"thumbnailUrl\":\"https:\/\/blog.vestasrl.it\/wp-content\/uploads\/2025\/03\/Blog-Pasqua-scaled.jpg\",\"keywords\":[\"blog vesta\",\"stile e arredamento\",\"tavola di pasqua\"],\"articleSection\":[\"In evidenza\",\"Ispirazioni\",\"Vesta home\"],\"inLanguage\":\"it-IT\"},{\"@type\":\"WebPage\",\"@id\":\"https:\/\/blog.vestasrl.it\/index.php\/2025\/04\/04\/tavola-di-pasqua-idee-per-una-mise-en-place-unica-e-speciale\/\",\"url\":\"https:\/\/blog.vestasrl.it\/index.php\/2025\/04\/04\/tavola-di-pasqua-idee-per-una-mise-en-place-unica-e-speciale\/\",\"name\":\"Tavola di Pasqua: idee per una mise en place unica e speciale - Vesta Blog - Design, Tradizione e Artigianalit\u00e0\",\"isPartOf\":{\"@id\":\"https:\/\/blog.vestasrl.it\/#website\"},\"primaryImageOfPage\":{\"@id\":\"https:\/\/blog.vestasrl.it\/index.php\/2025\/04\/04\/tavola-di-pasqua-idee-per-una-mise-en-place-unica-e-speciale\/#primaryimage\"},\"image\":{\"@id\":\"https:\/\/blog.vestasrl.it\/index.php\/2025\/04\/04\/tavola-di-pasqua-idee-per-una-mise-en-place-unica-e-speciale\/#primaryimage\"},\"thumbnailUrl\":\"https:\/\/blog.vestasrl.it\/wp-content\/uploads\/2025\/03\/Blog-Pasqua-scaled.jpg\",\"datePublished\":\"2025-04-04T09:38:43+00:00\",\"dateModified\":\"2025-04-04T09:38:47+00:00\",\"description\":\"La Pasqua \u00e8 la festa della rinascita, della famiglia e della convivialit\u00e0. La primavera porta con s\u00e9 colori vivaci, profumi freschi e una...\",\"breadcrumb\":{\"@id\":\"https:\/\/blog.vestasrl.it\/index.php\/2025\/04\/04\/tavola-di-pasqua-idee-per-una-mise-en-place-unica-e-speciale\/#breadcrumb\"},\"inLanguage\":\"it-IT\",\"potentialAction\":[{\"@type\":\"ReadAction\",\"target\":[\"https:\/\/blog.vestasrl.it\/index.php\/2025\/04\/04\/tavola-di-pasqua-idee-per-una-mise-en-place-unica-e-speciale\/\"]}]},{\"@type\":\"ImageObject\",\"inLanguage\":\"it-IT\",\"@id\":\"https:\/\/blog.vestasrl.it\/index.php\/2025\/04\/04\/tavola-di-pasqua-idee-per-una-mise-en-place-unica-e-speciale\/#primaryimage\",\"url\":\"https:\/\/blog.vestasrl.it\/wp-content\/uploads\/2025\/03\/Blog-Pasqua-scaled.jpg\",\"contentUrl\":\"https:\/\/blog.vestasrl.it\/wp-content\/uploads\/2025\/03\/Blog-Pasqua-scaled.jpg\",\"width\":2560,\"height\":1706,\"caption\":\"tavola di pasqua\"},{\"@type\":\"BreadcrumbList\",\"@id\":\"https:\/\/blog.vestasrl.it\/index.php\/2025\/04\/04\/tavola-di-pasqua-idee-per-una-mise-en-place-unica-e-speciale\/#breadcrumb\",\"itemListElement\":[{\"@type\":\"ListItem\",\"position\":1,\"name\":\"Home\",\"item\":\"https:\/\/blog.vestasrl.it\/\"},{\"@type\":\"ListItem\",\"position\":2,\"name\":\"Tavola di Pasqua: idee per una mise en place unica e speciale\"}]},{\"@type\":\"WebSite\",\"@id\":\"https:\/\/blog.vestasrl.it\/#website\",\"url\":\"https:\/\/blog.vestasrl.it\/\",\"name\":\"Vesta Srl\",\"description\":\"\",\"publisher\":{\"@id\":\"https:\/\/blog.vestasrl.it\/#organization\"},\"potentialAction\":[{\"@type\":\"SearchAction\",\"target\":{\"@type\":\"EntryPoint\",\"urlTemplate\":\"https:\/\/blog.vestasrl.it\/?s={search_term_string}\"},\"query-input\":{\"@type\":\"PropertyValueSpecification\",\"valueRequired\":true,\"valueName\":\"search_term_string\"}}],\"inLanguage\":\"it-IT\"},{\"@type\":\"Organization\",\"@id\":\"https:\/\/blog.vestasrl.it\/#organization\",\"name\":\"Vesta Srl\",\"url\":\"https:\/\/blog.vestasrl.it\/\",\"logo\":{\"@type\":\"ImageObject\",\"inLanguage\":\"it-IT\",\"@id\":\"https:\/\/blog.vestasrl.it\/#\/schema\/logo\/image\/\",\"url\":\"https:\/\/blog.vestasrl.it\/wp-content\/uploads\/2024\/01\/cropped-logo_large.png\",\"contentUrl\":\"https:\/\/blog.vestasrl.it\/wp-content\/uploads\/2024\/01\/cropped-logo_large.png\",\"width\":200,\"height\":63,\"caption\":\"Vesta Srl\"},\"image\":{\"@id\":\"https:\/\/blog.vestasrl.it\/#\/schema\/logo\/image\/\"},\"sameAs\":[\"https:\/\/www.facebook.com\/vestahomeit\",\"https:\/\/www.instagram.com\/vestahome\/?hl=it\"]},{\"@type\":\"Person\",\"@id\":\"https:\/\/blog.vestasrl.it\/#\/schema\/person\/4b256c01362182a71749d3ea65482262\",\"name\":\"Vesta Srl\",\"image\":{\"@type\":\"ImageObject\",\"inLanguage\":\"it-IT\",\"@id\":\"https:\/\/blog.vestasrl.it\/#\/schema\/person\/image\/\",\"url\":\"https:\/\/secure.gravatar.com\/avatar\/35965d0399eabb2c079d448bd5ec00ba1c66b19e529565555c8f5eda2a14440e?s=96&d=mm&r=g\",\"contentUrl\":\"https:\/\/secure.gravatar.com\/avatar\/35965d0399eabb2c079d448bd5ec00ba1c66b19e529565555c8f5eda2a14440e?s=96&d=mm&r=g\",\"caption\":\"Vesta Srl\"},\"sameAs\":[\"http:\/\/blog.vestasrl.it\"],\"url\":\"https:\/\/blog.vestasrl.it\/index.php\/author\/blog_vestasrl\/\"}]}<\/script>\n<!-- \/ Yoast SEO plugin. -->","yoast_head_json":{"title":"Tavola di Pasqua: idee per una mise en place unica e speciale - Vesta Blog - Design, Tradizione e Artigianalit\u00e0","description":"La Pasqua \u00e8 la festa della rinascita, della famiglia e della convivialit\u00e0. La primavera porta con s\u00e9 colori vivaci, profumi freschi e una...","robots":{"index":"index","follow":"follow","max-snippet":"max-snippet:-1","max-image-preview":"max-image-preview:large","max-video-preview":"max-video-preview:-1"},"canonical":"https:\/\/blog.vestasrl.it\/index.php\/2025\/04\/04\/tavola-di-pasqua-idee-per-una-mise-en-place-unica-e-speciale\/","og_locale":"it_IT","og_type":"article","og_title":"Tavola di Pasqua: idee per una mise en place unica e speciale - Vesta Blog - Design, Tradizione e Artigianalit\u00e0","og_description":"La Pasqua \u00e8 la festa della rinascita, della famiglia e della convivialit\u00e0. La primavera porta con s\u00e9 colori vivaci, profumi freschi e una...","og_url":"https:\/\/blog.vestasrl.it\/index.php\/2025\/04\/04\/tavola-di-pasqua-idee-per-una-mise-en-place-unica-e-speciale\/","og_site_name":"Vesta Blog - Design, Tradizione e Artigianalit\u00e0","article_publisher":"https:\/\/www.facebook.com\/vestahomeit","article_published_time":"2025-04-04T09:38:43+00:00","article_modified_time":"2025-04-04T09:38:47+00:00","og_image":[{"width":2560,"height":1706,"url":"http:\/\/blog.vestasrl.it\/wp-content\/uploads\/2025\/03\/Blog-Pasqua-scaled.jpg","type":"image\/jpeg"}],"author":"Vesta Srl","twitter_card":"summary_large_image","twitter_misc":{"Scritto da":"Vesta Srl","Tempo di lettura stimato":"7 minuti"},"schema":{"@context":"https:\/\/schema.org","@graph":[{"@type":"Article","@id":"https:\/\/blog.vestasrl.it\/index.php\/2025\/04\/04\/tavola-di-pasqua-idee-per-una-mise-en-place-unica-e-speciale\/#article","isPartOf":{"@id":"https:\/\/blog.vestasrl.it\/index.php\/2025\/04\/04\/tavola-di-pasqua-idee-per-una-mise-en-place-unica-e-speciale\/"},"author":{"name":"Vesta Srl","@id":"https:\/\/blog.vestasrl.it\/#\/schema\/person\/4b256c01362182a71749d3ea65482262"},"headline":"Tavola di Pasqua: idee per una mise en place unica e speciale","datePublished":"2025-04-04T09:38:43+00:00","dateModified":"2025-04-04T09:38:47+00:00","mainEntityOfPage":{"@id":"https:\/\/blog.vestasrl.it\/index.php\/2025\/04\/04\/tavola-di-pasqua-idee-per-una-mise-en-place-unica-e-speciale\/"},"wordCount":808,"publisher":{"@id":"https:\/\/blog.vestasrl.it\/#organization"},"image":{"@id":"https:\/\/blog.vestasrl.it\/index.php\/2025\/04\/04\/tavola-di-pasqua-idee-per-una-mise-en-place-unica-e-speciale\/#primaryimage"},"thumbnailUrl":"https:\/\/blog.vestasrl.it\/wp-content\/uploads\/2025\/03\/Blog-Pasqua-scaled.jpg","keywords":["blog vesta","stile e arredamento","tavola di pasqua"],"articleSection":["In evidenza","Ispirazioni","Vesta home"],"inLanguage":"it-IT"},{"@type":"WebPage","@id":"https:\/\/blog.vestasrl.it\/index.php\/2025\/04\/04\/tavola-di-pasqua-idee-per-una-mise-en-place-unica-e-speciale\/","url":"https:\/\/blog.vestasrl.it\/index.php\/2025\/04\/04\/tavola-di-pasqua-idee-per-una-mise-en-place-unica-e-speciale\/","name":"Tavola di Pasqua: idee per una mise en place unica e speciale - Vesta Blog - Design, Tradizione e Artigianalit\u00e0","isPartOf":{"@id":"https:\/\/blog.vestasrl.it\/#website"},"primaryImageOfPage":{"@id":"https:\/\/blog.vestasrl.it\/index.php\/2025\/04\/04\/tavola-di-pasqua-idee-per-una-mise-en-place-unica-e-speciale\/#primaryimage"},"image":{"@id":"https:\/\/blog.vestasrl.it\/index.php\/2025\/04\/04\/tavola-di-pasqua-idee-per-una-mise-en-place-unica-e-speciale\/#primaryimage"},"thumbnailUrl":"https:\/\/blog.vestasrl.it\/wp-content\/uploads\/2025\/03\/Blog-Pasqua-scaled.jpg","datePublished":"2025-04-04T09:38:43+00:00","dateModified":"2025-04-04T09:38:47+00:00","description":"La Pasqua \u00e8 la festa della rinascita, della famiglia e della convivialit\u00e0. La primavera porta con s\u00e9 colori vivaci, profumi freschi e una...","breadcrumb":{"@id":"https:\/\/blog.vestasrl.it\/index.php\/2025\/04\/04\/tavola-di-pasqua-idee-per-una-mise-en-place-unica-e-speciale\/#breadcrumb"},"inLanguage":"it-IT","potentialAction":[{"@type":"ReadAction","target":["https:\/\/blog.vestasrl.it\/index.php\/2025\/04\/04\/tavola-di-pasqua-idee-per-una-mise-en-place-unica-e-speciale\/"]}]},{"@type":"ImageObject","inLanguage":"it-IT","@id":"https:\/\/blog.vestasrl.it\/index.php\/2025\/04\/04\/tavola-di-pasqua-idee-per-una-mise-en-place-unica-e-speciale\/#primaryimage","url":"https:\/\/blog.vestasrl.it\/wp-content\/uploads\/2025\/03\/Blog-Pasqua-scaled.jpg","contentUrl":"https:\/\/blog.vestasrl.it\/wp-content\/uploads\/2025\/03\/Blog-Pasqua-scaled.jpg","width":2560,"height":1706,"caption":"tavola di pasqua"},{"@type":"BreadcrumbList","@id":"https:\/\/blog.vestasrl.it\/index.php\/2025\/04\/04\/tavola-di-pasqua-idee-per-una-mise-en-place-unica-e-speciale\/#breadcrumb","itemListElement":[{"@type":"ListItem","position":1,"name":"Home","item":"https:\/\/blog.vestasrl.it\/"},{"@type":"ListItem","position":2,"name":"Tavola di Pasqua: idee per una mise en place unica e speciale"}]},{"@type":"WebSite","@id":"https:\/\/blog.vestasrl.it\/#website","url":"https:\/\/blog.vestasrl.it\/","name":"Vesta Srl","description":"","publisher":{"@id":"https:\/\/blog.vestasrl.it\/#organization"},"potentialAction":[{"@type":"SearchAction","target":{"@type":"EntryPoint","urlTemplate":"https:\/\/blog.vestasrl.it\/?s={search_term_string}"},"query-input":{"@type":"PropertyValueSpecification","valueRequired":true,"valueName":"search_term_string"}}],"inLanguage":"it-IT"},{"@type":"Organization","@id":"https:\/\/blog.vestasrl.it\/#organization","name":"Vesta Srl","url":"https:\/\/blog.vestasrl.it\/","logo":{"@type":"ImageObject","inLanguage":"it-IT","@id":"https:\/\/blog.vestasrl.it\/#\/schema\/logo\/image\/","url":"https:\/\/blog.vestasrl.it\/wp-content\/uploads\/2024\/01\/cropped-logo_large.png","contentUrl":"https:\/\/blog.vestasrl.it\/wp-content\/uploads\/2024\/01\/cropped-logo_large.png","width":200,"height":63,"caption":"Vesta Srl"},"image":{"@id":"https:\/\/blog.vestasrl.it\/#\/schema\/logo\/image\/"},"sameAs":["https:\/\/www.facebook.com\/vestahomeit","https:\/\/www.instagram.com\/vestahome\/?hl=it"]},{"@type":"Person","@id":"https:\/\/blog.vestasrl.it\/#\/schema\/person\/4b256c01362182a71749d3ea65482262","name":"Vesta Srl","image":{"@type":"ImageObject","inLanguage":"it-IT","@id":"https:\/\/blog.vestasrl.it\/#\/schema\/person\/image\/","url":"https:\/\/secure.gravatar.com\/avatar\/35965d0399eabb2c079d448bd5ec00ba1c66b19e529565555c8f5eda2a14440e?s=96&d=mm&r=g","contentUrl":"https:\/\/secure.gravatar.com\/avatar\/35965d0399eabb2c079d448bd5ec00ba1c66b19e529565555c8f5eda2a14440e?s=96&d=mm&r=g","caption":"Vesta Srl"},"sameAs":["http:\/\/blog.vestasrl.it"],"url":"https:\/\/blog.vestasrl.it\/index.php\/author\/blog_vestasrl\/"}]}},"_links":{"self":[{"href":"https:\/\/blog.vestasrl.it\/index.php\/wp-json\/wp\/v2\/posts\/2141","targetHints":{"allow":["GET"]}}],"collection":[{"href":"https:\/\/blog.vestasrl.it\/index.php\/wp-json\/wp\/v2\/posts"}],"about":[{"href":"https:\/\/blog.vestasrl.it\/index.php\/wp-json\/wp\/v2\/types\/post"}],"author":[{"embeddable":true,"href":"https:\/\/blog.vestasrl.it\/index.php\/wp-json\/wp\/v2\/users\/1"}],"replies":[{"embeddable":true,"href":"https:\/\/blog.vestasrl.it\/index.php\/wp-json\/wp\/v2\/comments?post=2141"}],"version-history":[{"count":4,"href":"https:\/\/blog.vestasrl.it\/index.php\/wp-json\/wp\/v2\/posts\/2141\/revisions"}],"predecessor-version":[{"id":2189,"href":"https:\/\/blog.vestasrl.it\/index.php\/wp-json\/wp\/v2\/posts\/2141\/revisions\/2189"}],"wp:featuredmedia":[{"embeddable":true,"href":"https:\/\/blog.vestasrl.it\/index.php\/wp-json\/wp\/v2\/media\/2242"}],"wp:attachment":[{"href":"https:\/\/blog.vestasrl.it\/index.php\/wp-json\/wp\/v2\/media?parent=2141"}],"wp:term":[{"taxonomy":"category","embeddable":true,"href":"https:\/\/blog.vestasrl.it\/index.php\/wp-json\/wp\/v2\/categories?post=2141"},{"taxonomy":"post_tag","embeddable":true,"href":"https:\/\/blog.vestasrl.it\/index.php\/wp-json\/wp\/v2\/tags?post=2141"}],"curies":[{"name":"wp","href":"https:\/\/api.w.org\/{rel}","templated":true}]}}