{"id":994,"date":"2024-03-14T12:02:11","date_gmt":"2024-03-14T12:02:11","guid":{"rendered":"https:\/\/blog.vestasrl.it\/?p=994"},"modified":"2024-03-14T12:02:12","modified_gmt":"2024-03-14T12:02:12","slug":"pasqua-in-tavola-pranzo-indimenticabile-con-design-e-stile","status":"publish","type":"post","link":"https:\/\/blog.vestasrl.it\/index.php\/2024\/03\/14\/pasqua-in-tavola-pranzo-indimenticabile-con-design-e-stile\/","title":{"rendered":"Pasqua in Tavola: Pranzo Indimenticabile con Design e Stile"},"content":{"rendered":"\n<p>La Pasqua \u00e8 un momento di gioia e celebrazione, un&#8217;occasione perfetta per riunire amici e familiari attorno a una tavola imbandita con gusto e stile. Se stai cercando di stupire i tuoi ospiti con un arredamento di design per la tavola, sei nel posto giusto! <\/p>\n\n\n\n<p>In questo articolo, esploreremo alcune fantastiche proposte di arredo per la tua tavola di Pasqua, tutte disponibili su Vestasrl.it, il tuo negozio online per l&#8217;arredamento di design.<\/p>\n\n\n\n<p><strong>1. Tovaglia Decor: Il Tocco Finale di Raffinatezza<\/strong><\/p>\n\n\n\n<p>Prepariamo la nostra tavola con la <a href=\"https:\/\/vestasrl.it\/p409\/vendita_online_prodotti_tavola\/tovaglia_6_posti_decor.html\">Tovaglia Decor<\/a>. Non c&#8217;\u00e8 niente che completi una tavola con stile quanto una tovaglia ben scelta. La Tovaglia Decor, con il suo design intricato e i dettagli raffinati, trasforma istantaneamente la tua tavola in una scenografia da sogno. Disponibile per sei posti, \u00e8 l&#8217;ideale per accogliere i tuoi ospiti con un&#8217;eleganza che non passa inosservata.<\/p>\n\n\n\n<figure class=\"wp-block-image size-large\"><a href=\"https:\/\/vestasrl.it\/p409\/vendita_online_prodotti_tavola\/tovaglia_6_posti_decor.html\" target=\"_blank\" rel=\"noreferrer noopener\"><img loading=\"lazy\" decoding=\"async\" width=\"742\" height=\"1024\" src=\"https:\/\/blog.vestasrl.it\/wp-content\/uploads\/2024\/03\/TOVAGLIA-DECOR-742x1024.png\" alt=\"\" class=\"wp-image-1002\" srcset=\"https:\/\/blog.vestasrl.it\/wp-content\/uploads\/2024\/03\/TOVAGLIA-DECOR-742x1024.png 742w, https:\/\/blog.vestasrl.it\/wp-content\/uploads\/2024\/03\/TOVAGLIA-DECOR-218x300.png 218w, https:\/\/blog.vestasrl.it\/wp-content\/uploads\/2024\/03\/TOVAGLIA-DECOR-768x1059.png 768w, https:\/\/blog.vestasrl.it\/wp-content\/uploads\/2024\/03\/TOVAGLIA-DECOR.png 928w\" sizes=\"auto, (max-width: 742px) 100vw, 742px\" \/><\/a><\/figure>\n\n\n\n<p><strong>2. Sottobicchieri Decor: Dettagli che Fanno la Differenza<\/strong><\/p>\n\n\n\n<p>I <a href=\"https:\/\/vestasrl.it\/p355\/vendita_online_prodotti_tavola\/set_6_sottobicchieri_decor.html\">sottobicchieri<\/a> della linea Decor sono autentici gioielli per la tua tavola. Realizzati in cristallo acrilico, questi eleganti oggetti sono disponibili in un set da 6 pezzi e sono distinti in 3 affascinanti varianti grafiche.<\/p>\n\n\n\n<p>Aggiungi un tocco di vivacit\u00e0 alla tua tavola con i sottobicchieri della linea Decor. Grazie alla loro resistenza al calore, questi sottobicchieri sono adatti sia per le bevande fredde che per quelle calde, garantendo una protezione impeccabile per la tua tavola.<\/p>\n\n\n\n<p>La grafica stampata sul fondo di ogni sottobicchiere aggiunge un tocco di colore e contemporaneit\u00e0 alla tua tavola, trasformando ogni semplice bicchiere in un&#8217;opera d&#8217;arte.<\/p>\n\n\n\n<figure class=\"wp-block-image size-large\"><a href=\"https:\/\/vestasrl.it\/p355\/vendita_online_prodotti_tavola\/set_6_sottobicchieri_decor.html\" target=\"_blank\" rel=\"noreferrer noopener\"><img loading=\"lazy\" decoding=\"async\" width=\"819\" height=\"1024\" src=\"https:\/\/blog.vestasrl.it\/wp-content\/uploads\/2024\/03\/sotobicchieri-decor-819x1024.jpg\" alt=\"\" class=\"wp-image-1004\" srcset=\"https:\/\/blog.vestasrl.it\/wp-content\/uploads\/2024\/03\/sotobicchieri-decor-819x1024.jpg 819w, https:\/\/blog.vestasrl.it\/wp-content\/uploads\/2024\/03\/sotobicchieri-decor-240x300.jpg 240w, https:\/\/blog.vestasrl.it\/wp-content\/uploads\/2024\/03\/sotobicchieri-decor-768x960.jpg 768w, https:\/\/blog.vestasrl.it\/wp-content\/uploads\/2024\/03\/sotobicchieri-decor.jpg 1080w\" sizes=\"auto, (max-width: 819px) 100vw, 819px\" \/><\/a><\/figure>\n\n\n\n<p><strong>3. Allacciatovaglioli&nbsp;Tondo Decor: Un Nodo di Eleganza<\/strong><\/p>\n\n\n\n<p>Per completare l&#8217;aspetto sofisticato della tua tavola pasquale, non dimenticare gli <a href=\"https:\/\/vestasrl.it\/p381\/vendita_online_prodotti_allacciatovaglioli\/allacciatovaglioli_tondo_decor.html\">Allacciatovaglioli&nbsp;Tondo Decor<\/a>. Questi eleganti accessori non solo mantengono i tuoi tovaglioli ordinati e pronti all&#8217;uso, ma aggiungono anche un tocco di charme e grazia alla tua presentazione.<\/p>\n\n\n\n<p>La grafica stampata sul retro \u00e8 caratterizzata dall&#8217;intreccio di figure geometriche e pattern moderni, aggiungendo un tocco di raffinatezza alla tua tavola in modo vivace e innovativo.<\/p>\n\n\n\n<figure class=\"wp-block-image size-large\"><a href=\"https:\/\/vestasrl.it\/p381\/vendita_online_prodotti_allacciatovaglioli\/allacciatovaglioli_tondo_decor.html\" target=\"_blank\" rel=\"noreferrer noopener\"><img loading=\"lazy\" decoding=\"async\" width=\"819\" height=\"1024\" src=\"https:\/\/blog.vestasrl.it\/wp-content\/uploads\/2024\/03\/allacciatovaglioli-decor-819x1024.jpg\" alt=\"\" class=\"wp-image-1005\" srcset=\"https:\/\/blog.vestasrl.it\/wp-content\/uploads\/2024\/03\/allacciatovaglioli-decor-819x1024.jpg 819w, https:\/\/blog.vestasrl.it\/wp-content\/uploads\/2024\/03\/allacciatovaglioli-decor-240x300.jpg 240w, https:\/\/blog.vestasrl.it\/wp-content\/uploads\/2024\/03\/allacciatovaglioli-decor-768x960.jpg 768w, https:\/\/blog.vestasrl.it\/wp-content\/uploads\/2024\/03\/allacciatovaglioli-decor.jpg 1080w\" sizes=\"auto, (max-width: 819px) 100vw, 819px\" \/><\/a><\/figure>\n\n\n\n<p><strong>4. Flute Party: Brindisi di Pasqua con Stile<\/strong><\/p>\n\n\n\n<p>Nessuna festa \u00e8 completa senza un brindisi, e cosa c&#8217;\u00e8 di meglio dei <a href=\"https:\/\/vestasrl.it\/p499\/vendita_online_prodotti_bicchieri_\/_portabicchieri\/set_6_calici_flute_party.html\">Flute Party<\/a> per sollevare i bicchieri in onore della Pasqua? Questi calici sono il perfetto connubio tra funzionalit\u00e0 e design. Leggeri e robusti, sono realizzati in SAN e disponibili in versione trasparente o multicolore. <\/p>\n\n\n\n<p>Aggiungono un tocco di raffinatezza o divertimento alla tua tavola, garantendo una festa indimenticabile.<\/p>\n\n\n\n<figure class=\"wp-block-image size-large\"><a href=\"https:\/\/vestasrl.it\/p499\/vendita_online_prodotti_bicchieri_\/_portabicchieri\/set_6_calici_flute_party.html\" target=\"_blank\" rel=\"noreferrer noopener\"><img loading=\"lazy\" decoding=\"async\" width=\"819\" height=\"1024\" src=\"https:\/\/blog.vestasrl.it\/wp-content\/uploads\/2024\/03\/flute-819x1024.jpg\" alt=\"\" class=\"wp-image-1003\" srcset=\"https:\/\/blog.vestasrl.it\/wp-content\/uploads\/2024\/03\/flute-819x1024.jpg 819w, https:\/\/blog.vestasrl.it\/wp-content\/uploads\/2024\/03\/flute-240x300.jpg 240w, https:\/\/blog.vestasrl.it\/wp-content\/uploads\/2024\/03\/flute-768x960.jpg 768w, https:\/\/blog.vestasrl.it\/wp-content\/uploads\/2024\/03\/flute.jpg 1080w\" sizes=\"auto, (max-width: 819px) 100vw, 819px\" \/><\/a><\/figure>\n\n\n\n<p><strong>5. Alzata Piccola Decor: Un&#8217;Esplosione di Eleganza<\/strong><\/p>\n\n\n\n<p>L&#8217;<a href=\"https:\/\/vestasrl.it\/p432\/vendita_online_prodotti_tavola\/alzata_piccola_decor.html\">Alzata Piccola della linea Decor<\/a> \u00e8 il tocco di eleganza che i tuoi dolci pasquali meritano. Questo supporto rialzato e componibile non solo aggiunge stile alla presentazione dei tuoi dessert, ma \u00e8 anche un&#8217;affermazione di funzionalit\u00e0. <\/p>\n\n\n\n<p>Con questa meraviglia di design, eleva la tua tavola con semplicit\u00e0 ed eleganza.<\/p>\n\n\n\n<figure class=\"wp-block-image size-large\"><a href=\"https:\/\/vestasrl.it\/p432\/vendita_online_prodotti_tavola\/alzata_piccola_decor.html\" target=\"_blank\" rel=\"noreferrer noopener\"><img loading=\"lazy\" decoding=\"async\" width=\"819\" height=\"1024\" src=\"https:\/\/blog.vestasrl.it\/wp-content\/uploads\/2024\/03\/alzata-piccola-decor-819x1024.jpg\" alt=\"\" class=\"wp-image-1001\" srcset=\"https:\/\/blog.vestasrl.it\/wp-content\/uploads\/2024\/03\/alzata-piccola-decor-819x1024.jpg 819w, https:\/\/blog.vestasrl.it\/wp-content\/uploads\/2024\/03\/alzata-piccola-decor-240x300.jpg 240w, https:\/\/blog.vestasrl.it\/wp-content\/uploads\/2024\/03\/alzata-piccola-decor-768x960.jpg 768w, https:\/\/blog.vestasrl.it\/wp-content\/uploads\/2024\/03\/alzata-piccola-decor.jpg 1080w\" sizes=\"auto, (max-width: 819px) 100vw, 819px\" \/><\/a><\/figure>\n\n\n\n<p><strong>6. Vaso Fenice Piccolo e Lill\u00e0 Piccolo: Fiori che Ispirano<\/strong><\/p>\n\n\n\n<p><br>Infine, non dimenticare di aggiungere un tocco di natura alla tua tavola con il <a href=\"https:\/\/vestasrl.it\/p525\/vendita_online_prodotti_vasi_\/_fiori\/vaso_fenice_piccolo.html\">Vaso Fenice Piccolo<\/a> e il <a href=\"https:\/\/vestasrl.it\/p531\/vendita_online_prodotti_gift\/funny_flowers_-_lill%C3%A0_piccolo.html\">Lill\u00e0 Piccolo<\/a>. Questi splendidi vasi sono il complemento perfetto per qualsiasi arredo pasquale, infondendo freschezza e vitalit\u00e0 al tuo ambiente.<\/p>\n\n\n\n<p>Per un&#8217;esplosione di colore e vivacit\u00e0, non c&#8217;\u00e8 nulla di meglio dei fiori Lill\u00e0 Piccolo. Realizzati in cristallo acrilico, questi fiori catturano la luce e si riempiono di riflessi colorati, donando un tocco di allegria a ogni angolo della tua casa.<\/p>\n\n\n\n<figure class=\"wp-block-image size-large\"><img loading=\"lazy\" decoding=\"async\" width=\"819\" height=\"1024\" src=\"https:\/\/blog.vestasrl.it\/wp-content\/uploads\/2024\/03\/vaso-fenice-piccolo-lilla-piccoli-819x1024.jpg\" alt=\"\" class=\"wp-image-1006\" srcset=\"https:\/\/blog.vestasrl.it\/wp-content\/uploads\/2024\/03\/vaso-fenice-piccolo-lilla-piccoli-819x1024.jpg 819w, https:\/\/blog.vestasrl.it\/wp-content\/uploads\/2024\/03\/vaso-fenice-piccolo-lilla-piccoli-240x300.jpg 240w, https:\/\/blog.vestasrl.it\/wp-content\/uploads\/2024\/03\/vaso-fenice-piccolo-lilla-piccoli-768x960.jpg 768w, https:\/\/blog.vestasrl.it\/wp-content\/uploads\/2024\/03\/vaso-fenice-piccolo-lilla-piccoli.jpg 1080w\" sizes=\"auto, (max-width: 819px) 100vw, 819px\" \/><\/figure>\n\n\n\n<p>In conclusione, con questi pezzi di arredamento di design per la tavola, puoi trasformare il tuo pranzo di Pasqua in un&#8217;esperienza indimenticabile. Visita Vestasrl.it per scoprire questi e molti altri prodotti per l&#8217;arredamento di design e preparati a stupire i tuoi ospiti con stile e eleganza. Buona Pasqua!<\/p>\n","protected":false},"excerpt":{"rendered":"<p>La Pasqua \u00e8 un momento di gioia e celebrazione, un&#8217;occasione perfetta per riunire amici e familiari attorno a una tavola imbandita con gusto e stile. Se stai cercando di stupire i tuoi ospiti con un arredamento di design per la tavola, sei nel posto giusto! In questo articolo, esploreremo alcune fantastiche proposte di arredo per&hellip;&nbsp;<a href=\"https:\/\/blog.vestasrl.it\/index.php\/2024\/03\/14\/pasqua-in-tavola-pranzo-indimenticabile-con-design-e-stile\/\" rel=\"bookmark\">Leggi tutto &raquo;<span class=\"screen-reader-text\">Pasqua in Tavola: Pranzo Indimenticabile con Design e Stile<\/span><\/a><\/p>\n","protected":false},"author":1,"featured_media":1015,"comment_status":"closed","ping_status":"closed","sticky":true,"template":"","format":"standard","meta":{"neve_meta_sidebar":"","neve_meta_container":"","neve_meta_enable_content_width":"","neve_meta_content_width":0,"neve_meta_title_alignment":"","neve_meta_author_avatar":"","neve_post_elements_order":"","neve_meta_disable_header":"","neve_meta_disable_footer":"","neve_meta_disable_title":"","footnotes":""},"categories":[9,20,8],"tags":[26,19,22,64,15,65],"class_list":["post-994","post","type-post","status-publish","format-standard","has-post-thumbnail","hentry","category-in-evidenza","category-ispirazioni","category-vesta-home","tag-arreda-con-stile","tag-atmosfera-perfetta","tag-idee-arredamento","tag-pasqua","tag-stile-e-arredamento","tag-tavola-pasquale"],"yoast_head":"<!-- This site is optimized with the Yoast SEO plugin v26.4 - https:\/\/yoast.com\/wordpress\/plugins\/seo\/ -->\n<title>Pasqua in Tavola: Pranzo Indimenticabile con Design e Stile - Vesta Blog - Design, Tradizione e Artigianalit\u00e0<\/title>\n<meta name=\"description\" content=\"La Pasqua \u00e8 un momento di gioia e celebrazione, un&#039;occasione perfetta per riunire amici e familiari attorno a una tavola imbandita...\" \/>\n<meta name=\"robots\" content=\"index, follow, max-snippet:-1, max-image-preview:large, max-video-preview:-1\" \/>\n<link rel=\"canonical\" href=\"https:\/\/blog.vestasrl.it\/index.php\/2024\/03\/14\/pasqua-in-tavola-pranzo-indimenticabile-con-design-e-stile\/\" \/>\n<meta property=\"og:locale\" content=\"it_IT\" \/>\n<meta property=\"og:type\" content=\"article\" \/>\n<meta property=\"og:title\" content=\"Pasqua in Tavola: Pranzo Indimenticabile con Design e Stile - Vesta Blog - Design, Tradizione e Artigianalit\u00e0\" \/>\n<meta property=\"og:description\" content=\"La Pasqua \u00e8 un momento di gioia e celebrazione, un&#039;occasione perfetta per riunire amici e familiari attorno a una tavola imbandita...\" \/>\n<meta property=\"og:url\" content=\"https:\/\/blog.vestasrl.it\/index.php\/2024\/03\/14\/pasqua-in-tavola-pranzo-indimenticabile-con-design-e-stile\/\" \/>\n<meta property=\"og:site_name\" content=\"Vesta Blog - Design, Tradizione e Artigianalit\u00e0\" \/>\n<meta property=\"article:publisher\" content=\"https:\/\/www.facebook.com\/vestahomeit\" \/>\n<meta property=\"article:published_time\" content=\"2024-03-14T12:02:11+00:00\" \/>\n<meta property=\"article:modified_time\" content=\"2024-03-14T12:02:12+00:00\" \/>\n<meta property=\"og:image\" content=\"http:\/\/blog.vestasrl.it\/wp-content\/uploads\/2024\/03\/nuovo-anno-2.jpg\" \/>\n\t<meta property=\"og:image:width\" content=\"930\" \/>\n\t<meta property=\"og:image:height\" content=\"620\" \/>\n\t<meta property=\"og:image:type\" content=\"image\/jpeg\" \/>\n<meta name=\"author\" content=\"Vesta Srl\" \/>\n<meta name=\"twitter:card\" content=\"summary_large_image\" \/>\n<meta name=\"twitter:label1\" content=\"Scritto da\" \/>\n\t<meta name=\"twitter:data1\" content=\"Vesta Srl\" \/>\n\t<meta name=\"twitter:label2\" content=\"Tempo di lettura stimato\" \/>\n\t<meta name=\"twitter:data2\" content=\"5 minuti\" \/>\n<script type=\"application\/ld+json\" class=\"yoast-schema-graph\">{\"@context\":\"https:\/\/schema.org\",\"@graph\":[{\"@type\":\"Article\",\"@id\":\"https:\/\/blog.vestasrl.it\/index.php\/2024\/03\/14\/pasqua-in-tavola-pranzo-indimenticabile-con-design-e-stile\/#article\",\"isPartOf\":{\"@id\":\"https:\/\/blog.vestasrl.it\/index.php\/2024\/03\/14\/pasqua-in-tavola-pranzo-indimenticabile-con-design-e-stile\/\"},\"author\":{\"name\":\"Vesta Srl\",\"@id\":\"https:\/\/blog.vestasrl.it\/#\/schema\/person\/4b256c01362182a71749d3ea65482262\"},\"headline\":\"Pasqua in Tavola: Pranzo Indimenticabile con Design e Stile\",\"datePublished\":\"2024-03-14T12:02:11+00:00\",\"dateModified\":\"2024-03-14T12:02:12+00:00\",\"mainEntityOfPage\":{\"@id\":\"https:\/\/blog.vestasrl.it\/index.php\/2024\/03\/14\/pasqua-in-tavola-pranzo-indimenticabile-con-design-e-stile\/\"},\"wordCount\":586,\"publisher\":{\"@id\":\"https:\/\/blog.vestasrl.it\/#organization\"},\"image\":{\"@id\":\"https:\/\/blog.vestasrl.it\/index.php\/2024\/03\/14\/pasqua-in-tavola-pranzo-indimenticabile-con-design-e-stile\/#primaryimage\"},\"thumbnailUrl\":\"https:\/\/blog.vestasrl.it\/wp-content\/uploads\/2024\/03\/nuovo-anno-2.jpg\",\"keywords\":[\"arreda con stile\",\"atmosfera perfetta\",\"idee arredamento\",\"pasqua\",\"stile e arredamento\",\"tavola pasquale\"],\"articleSection\":[\"In evidenza\",\"Ispirazioni\",\"Vesta home\"],\"inLanguage\":\"it-IT\"},{\"@type\":\"WebPage\",\"@id\":\"https:\/\/blog.vestasrl.it\/index.php\/2024\/03\/14\/pasqua-in-tavola-pranzo-indimenticabile-con-design-e-stile\/\",\"url\":\"https:\/\/blog.vestasrl.it\/index.php\/2024\/03\/14\/pasqua-in-tavola-pranzo-indimenticabile-con-design-e-stile\/\",\"name\":\"Pasqua in Tavola: Pranzo Indimenticabile con Design e Stile - Vesta Blog - Design, Tradizione e Artigianalit\u00e0\",\"isPartOf\":{\"@id\":\"https:\/\/blog.vestasrl.it\/#website\"},\"primaryImageOfPage\":{\"@id\":\"https:\/\/blog.vestasrl.it\/index.php\/2024\/03\/14\/pasqua-in-tavola-pranzo-indimenticabile-con-design-e-stile\/#primaryimage\"},\"image\":{\"@id\":\"https:\/\/blog.vestasrl.it\/index.php\/2024\/03\/14\/pasqua-in-tavola-pranzo-indimenticabile-con-design-e-stile\/#primaryimage\"},\"thumbnailUrl\":\"https:\/\/blog.vestasrl.it\/wp-content\/uploads\/2024\/03\/nuovo-anno-2.jpg\",\"datePublished\":\"2024-03-14T12:02:11+00:00\",\"dateModified\":\"2024-03-14T12:02:12+00:00\",\"description\":\"La Pasqua \u00e8 un momento di gioia e celebrazione, un'occasione perfetta per riunire amici e familiari attorno a una tavola imbandita...\",\"breadcrumb\":{\"@id\":\"https:\/\/blog.vestasrl.it\/index.php\/2024\/03\/14\/pasqua-in-tavola-pranzo-indimenticabile-con-design-e-stile\/#breadcrumb\"},\"inLanguage\":\"it-IT\",\"potentialAction\":[{\"@type\":\"ReadAction\",\"target\":[\"https:\/\/blog.vestasrl.it\/index.php\/2024\/03\/14\/pasqua-in-tavola-pranzo-indimenticabile-con-design-e-stile\/\"]}]},{\"@type\":\"ImageObject\",\"inLanguage\":\"it-IT\",\"@id\":\"https:\/\/blog.vestasrl.it\/index.php\/2024\/03\/14\/pasqua-in-tavola-pranzo-indimenticabile-con-design-e-stile\/#primaryimage\",\"url\":\"https:\/\/blog.vestasrl.it\/wp-content\/uploads\/2024\/03\/nuovo-anno-2.jpg\",\"contentUrl\":\"https:\/\/blog.vestasrl.it\/wp-content\/uploads\/2024\/03\/nuovo-anno-2.jpg\",\"width\":930,\"height\":620,\"caption\":\"pasqua\"},{\"@type\":\"BreadcrumbList\",\"@id\":\"https:\/\/blog.vestasrl.it\/index.php\/2024\/03\/14\/pasqua-in-tavola-pranzo-indimenticabile-con-design-e-stile\/#breadcrumb\",\"itemListElement\":[{\"@type\":\"ListItem\",\"position\":1,\"name\":\"Home\",\"item\":\"https:\/\/blog.vestasrl.it\/\"},{\"@type\":\"ListItem\",\"position\":2,\"name\":\"Pasqua in Tavola: Pranzo Indimenticabile con Design e Stile\"}]},{\"@type\":\"WebSite\",\"@id\":\"https:\/\/blog.vestasrl.it\/#website\",\"url\":\"https:\/\/blog.vestasrl.it\/\",\"name\":\"Vesta Srl\",\"description\":\"\",\"publisher\":{\"@id\":\"https:\/\/blog.vestasrl.it\/#organization\"},\"potentialAction\":[{\"@type\":\"SearchAction\",\"target\":{\"@type\":\"EntryPoint\",\"urlTemplate\":\"https:\/\/blog.vestasrl.it\/?s={search_term_string}\"},\"query-input\":{\"@type\":\"PropertyValueSpecification\",\"valueRequired\":true,\"valueName\":\"search_term_string\"}}],\"inLanguage\":\"it-IT\"},{\"@type\":\"Organization\",\"@id\":\"https:\/\/blog.vestasrl.it\/#organization\",\"name\":\"Vesta Srl\",\"url\":\"https:\/\/blog.vestasrl.it\/\",\"logo\":{\"@type\":\"ImageObject\",\"inLanguage\":\"it-IT\",\"@id\":\"https:\/\/blog.vestasrl.it\/#\/schema\/logo\/image\/\",\"url\":\"https:\/\/blog.vestasrl.it\/wp-content\/uploads\/2024\/01\/cropped-logo_large.png\",\"contentUrl\":\"https:\/\/blog.vestasrl.it\/wp-content\/uploads\/2024\/01\/cropped-logo_large.png\",\"width\":200,\"height\":63,\"caption\":\"Vesta Srl\"},\"image\":{\"@id\":\"https:\/\/blog.vestasrl.it\/#\/schema\/logo\/image\/\"},\"sameAs\":[\"https:\/\/www.facebook.com\/vestahomeit\",\"https:\/\/www.instagram.com\/vestahome\/?hl=it\"]},{\"@type\":\"Person\",\"@id\":\"https:\/\/blog.vestasrl.it\/#\/schema\/person\/4b256c01362182a71749d3ea65482262\",\"name\":\"Vesta Srl\",\"image\":{\"@type\":\"ImageObject\",\"inLanguage\":\"it-IT\",\"@id\":\"https:\/\/blog.vestasrl.it\/#\/schema\/person\/image\/\",\"url\":\"https:\/\/secure.gravatar.com\/avatar\/35965d0399eabb2c079d448bd5ec00ba1c66b19e529565555c8f5eda2a14440e?s=96&d=mm&r=g\",\"contentUrl\":\"https:\/\/secure.gravatar.com\/avatar\/35965d0399eabb2c079d448bd5ec00ba1c66b19e529565555c8f5eda2a14440e?s=96&d=mm&r=g\",\"caption\":\"Vesta Srl\"},\"sameAs\":[\"http:\/\/blog.vestasrl.it\"],\"url\":\"https:\/\/blog.vestasrl.it\/index.php\/author\/blog_vestasrl\/\"}]}<\/script>\n<!-- \/ Yoast SEO plugin. -->","yoast_head_json":{"title":"Pasqua in Tavola: Pranzo Indimenticabile con Design e Stile - Vesta Blog - Design, Tradizione e Artigianalit\u00e0","description":"La Pasqua \u00e8 un momento di gioia e celebrazione, un'occasione perfetta per riunire amici e familiari attorno a una tavola imbandita...","robots":{"index":"index","follow":"follow","max-snippet":"max-snippet:-1","max-image-preview":"max-image-preview:large","max-video-preview":"max-video-preview:-1"},"canonical":"https:\/\/blog.vestasrl.it\/index.php\/2024\/03\/14\/pasqua-in-tavola-pranzo-indimenticabile-con-design-e-stile\/","og_locale":"it_IT","og_type":"article","og_title":"Pasqua in Tavola: Pranzo Indimenticabile con Design e Stile - Vesta Blog - Design, Tradizione e Artigianalit\u00e0","og_description":"La Pasqua \u00e8 un momento di gioia e celebrazione, un'occasione perfetta per riunire amici e familiari attorno a una tavola imbandita...","og_url":"https:\/\/blog.vestasrl.it\/index.php\/2024\/03\/14\/pasqua-in-tavola-pranzo-indimenticabile-con-design-e-stile\/","og_site_name":"Vesta Blog - Design, Tradizione e Artigianalit\u00e0","article_publisher":"https:\/\/www.facebook.com\/vestahomeit","article_published_time":"2024-03-14T12:02:11+00:00","article_modified_time":"2024-03-14T12:02:12+00:00","og_image":[{"width":930,"height":620,"url":"http:\/\/blog.vestasrl.it\/wp-content\/uploads\/2024\/03\/nuovo-anno-2.jpg","type":"image\/jpeg"}],"author":"Vesta Srl","twitter_card":"summary_large_image","twitter_misc":{"Scritto da":"Vesta Srl","Tempo di lettura stimato":"5 minuti"},"schema":{"@context":"https:\/\/schema.org","@graph":[{"@type":"Article","@id":"https:\/\/blog.vestasrl.it\/index.php\/2024\/03\/14\/pasqua-in-tavola-pranzo-indimenticabile-con-design-e-stile\/#article","isPartOf":{"@id":"https:\/\/blog.vestasrl.it\/index.php\/2024\/03\/14\/pasqua-in-tavola-pranzo-indimenticabile-con-design-e-stile\/"},"author":{"name":"Vesta Srl","@id":"https:\/\/blog.vestasrl.it\/#\/schema\/person\/4b256c01362182a71749d3ea65482262"},"headline":"Pasqua in Tavola: Pranzo Indimenticabile con Design e Stile","datePublished":"2024-03-14T12:02:11+00:00","dateModified":"2024-03-14T12:02:12+00:00","mainEntityOfPage":{"@id":"https:\/\/blog.vestasrl.it\/index.php\/2024\/03\/14\/pasqua-in-tavola-pranzo-indimenticabile-con-design-e-stile\/"},"wordCount":586,"publisher":{"@id":"https:\/\/blog.vestasrl.it\/#organization"},"image":{"@id":"https:\/\/blog.vestasrl.it\/index.php\/2024\/03\/14\/pasqua-in-tavola-pranzo-indimenticabile-con-design-e-stile\/#primaryimage"},"thumbnailUrl":"https:\/\/blog.vestasrl.it\/wp-content\/uploads\/2024\/03\/nuovo-anno-2.jpg","keywords":["arreda con stile","atmosfera perfetta","idee arredamento","pasqua","stile e arredamento","tavola pasquale"],"articleSection":["In evidenza","Ispirazioni","Vesta home"],"inLanguage":"it-IT"},{"@type":"WebPage","@id":"https:\/\/blog.vestasrl.it\/index.php\/2024\/03\/14\/pasqua-in-tavola-pranzo-indimenticabile-con-design-e-stile\/","url":"https:\/\/blog.vestasrl.it\/index.php\/2024\/03\/14\/pasqua-in-tavola-pranzo-indimenticabile-con-design-e-stile\/","name":"Pasqua in Tavola: Pranzo Indimenticabile con Design e Stile - Vesta Blog - Design, Tradizione e Artigianalit\u00e0","isPartOf":{"@id":"https:\/\/blog.vestasrl.it\/#website"},"primaryImageOfPage":{"@id":"https:\/\/blog.vestasrl.it\/index.php\/2024\/03\/14\/pasqua-in-tavola-pranzo-indimenticabile-con-design-e-stile\/#primaryimage"},"image":{"@id":"https:\/\/blog.vestasrl.it\/index.php\/2024\/03\/14\/pasqua-in-tavola-pranzo-indimenticabile-con-design-e-stile\/#primaryimage"},"thumbnailUrl":"https:\/\/blog.vestasrl.it\/wp-content\/uploads\/2024\/03\/nuovo-anno-2.jpg","datePublished":"2024-03-14T12:02:11+00:00","dateModified":"2024-03-14T12:02:12+00:00","description":"La Pasqua \u00e8 un momento di gioia e celebrazione, un'occasione perfetta per riunire amici e familiari attorno a una tavola imbandita...","breadcrumb":{"@id":"https:\/\/blog.vestasrl.it\/index.php\/2024\/03\/14\/pasqua-in-tavola-pranzo-indimenticabile-con-design-e-stile\/#breadcrumb"},"inLanguage":"it-IT","potentialAction":[{"@type":"ReadAction","target":["https:\/\/blog.vestasrl.it\/index.php\/2024\/03\/14\/pasqua-in-tavola-pranzo-indimenticabile-con-design-e-stile\/"]}]},{"@type":"ImageObject","inLanguage":"it-IT","@id":"https:\/\/blog.vestasrl.it\/index.php\/2024\/03\/14\/pasqua-in-tavola-pranzo-indimenticabile-con-design-e-stile\/#primaryimage","url":"https:\/\/blog.vestasrl.it\/wp-content\/uploads\/2024\/03\/nuovo-anno-2.jpg","contentUrl":"https:\/\/blog.vestasrl.it\/wp-content\/uploads\/2024\/03\/nuovo-anno-2.jpg","width":930,"height":620,"caption":"pasqua"},{"@type":"BreadcrumbList","@id":"https:\/\/blog.vestasrl.it\/index.php\/2024\/03\/14\/pasqua-in-tavola-pranzo-indimenticabile-con-design-e-stile\/#breadcrumb","itemListElement":[{"@type":"ListItem","position":1,"name":"Home","item":"https:\/\/blog.vestasrl.it\/"},{"@type":"ListItem","position":2,"name":"Pasqua in Tavola: Pranzo Indimenticabile con Design e Stile"}]},{"@type":"WebSite","@id":"https:\/\/blog.vestasrl.it\/#website","url":"https:\/\/blog.vestasrl.it\/","name":"Vesta Srl","description":"","publisher":{"@id":"https:\/\/blog.vestasrl.it\/#organization"},"potentialAction":[{"@type":"SearchAction","target":{"@type":"EntryPoint","urlTemplate":"https:\/\/blog.vestasrl.it\/?s={search_term_string}"},"query-input":{"@type":"PropertyValueSpecification","valueRequired":true,"valueName":"search_term_string"}}],"inLanguage":"it-IT"},{"@type":"Organization","@id":"https:\/\/blog.vestasrl.it\/#organization","name":"Vesta Srl","url":"https:\/\/blog.vestasrl.it\/","logo":{"@type":"ImageObject","inLanguage":"it-IT","@id":"https:\/\/blog.vestasrl.it\/#\/schema\/logo\/image\/","url":"https:\/\/blog.vestasrl.it\/wp-content\/uploads\/2024\/01\/cropped-logo_large.png","contentUrl":"https:\/\/blog.vestasrl.it\/wp-content\/uploads\/2024\/01\/cropped-logo_large.png","width":200,"height":63,"caption":"Vesta Srl"},"image":{"@id":"https:\/\/blog.vestasrl.it\/#\/schema\/logo\/image\/"},"sameAs":["https:\/\/www.facebook.com\/vestahomeit","https:\/\/www.instagram.com\/vestahome\/?hl=it"]},{"@type":"Person","@id":"https:\/\/blog.vestasrl.it\/#\/schema\/person\/4b256c01362182a71749d3ea65482262","name":"Vesta Srl","image":{"@type":"ImageObject","inLanguage":"it-IT","@id":"https:\/\/blog.vestasrl.it\/#\/schema\/person\/image\/","url":"https:\/\/secure.gravatar.com\/avatar\/35965d0399eabb2c079d448bd5ec00ba1c66b19e529565555c8f5eda2a14440e?s=96&d=mm&r=g","contentUrl":"https:\/\/secure.gravatar.com\/avatar\/35965d0399eabb2c079d448bd5ec00ba1c66b19e529565555c8f5eda2a14440e?s=96&d=mm&r=g","caption":"Vesta Srl"},"sameAs":["http:\/\/blog.vestasrl.it"],"url":"https:\/\/blog.vestasrl.it\/index.php\/author\/blog_vestasrl\/"}]}},"_links":{"self":[{"href":"https:\/\/blog.vestasrl.it\/index.php\/wp-json\/wp\/v2\/posts\/994","targetHints":{"allow":["GET"]}}],"collection":[{"href":"https:\/\/blog.vestasrl.it\/index.php\/wp-json\/wp\/v2\/posts"}],"about":[{"href":"https:\/\/blog.vestasrl.it\/index.php\/wp-json\/wp\/v2\/types\/post"}],"author":[{"embeddable":true,"href":"https:\/\/blog.vestasrl.it\/index.php\/wp-json\/wp\/v2\/users\/1"}],"replies":[{"embeddable":true,"href":"https:\/\/blog.vestasrl.it\/index.php\/wp-json\/wp\/v2\/comments?post=994"}],"version-history":[{"count":10,"href":"https:\/\/blog.vestasrl.it\/index.php\/wp-json\/wp\/v2\/posts\/994\/revisions"}],"predecessor-version":[{"id":1027,"href":"https:\/\/blog.vestasrl.it\/index.php\/wp-json\/wp\/v2\/posts\/994\/revisions\/1027"}],"wp:featuredmedia":[{"embeddable":true,"href":"https:\/\/blog.vestasrl.it\/index.php\/wp-json\/wp\/v2\/media\/1015"}],"wp:attachment":[{"href":"https:\/\/blog.vestasrl.it\/index.php\/wp-json\/wp\/v2\/media?parent=994"}],"wp:term":[{"taxonomy":"category","embeddable":true,"href":"https:\/\/blog.vestasrl.it\/index.php\/wp-json\/wp\/v2\/categories?post=994"},{"taxonomy":"post_tag","embeddable":true,"href":"https:\/\/blog.vestasrl.it\/index.php\/wp-json\/wp\/v2\/tags?post=994"}],"curies":[{"name":"wp","href":"https:\/\/api.w.org\/{rel}","templated":true}]}}